{"id":1212,"date":"2016-11-05T23:43:08","date_gmt":"2016-11-05T21:43:08","guid":{"rendered":"http:\/\/blog.maerker-in-bayern.de\/wordpress\/?p=1212"},"modified":"2016-11-04T11:43:12","modified_gmt":"2016-11-04T09:43:12","slug":"martina-brandl-irgendwas-mit-sex","status":"publish","type":"post","link":"https:\/\/blog.maerker-in-bayern.de\/wordpress\/martina-brandl-irgendwas-mit-sex\/","title":{"rendered":"Martina Brandl &#8211; Irgendwas mit Sex"},"content":{"rendered":"<h3>Martina Brandl gab sich die Ehre<\/h3>\n<p><a href=\"http:\/\/blog.maerker-in-bayern.de\/wordpress\/wp-content\/uploads\/2016\/11\/MartinaBrandl_IWMS_01_HF2-1.jpg\"><img loading=\"lazy\" decoding=\"async\" class=\"alignnone size-medium wp-image-1213\" src=\"http:\/\/blog.maerker-in-bayern.de\/wordpress\/wp-content\/uploads\/2016\/11\/MartinaBrandl_IWMS_01_HF2-1-200x300.jpg\" alt=\"Martina Brandl\" width=\"200\" height=\"300\" srcset=\"https:\/\/blog.maerker-in-bayern.de\/wordpress\/wp-content\/uploads\/2016\/11\/MartinaBrandl_IWMS_01_HF2-1-200x300.jpg 200w, https:\/\/blog.maerker-in-bayern.de\/wordpress\/wp-content\/uploads\/2016\/11\/MartinaBrandl_IWMS_01_HF2-1-768x1152.jpg 768w, https:\/\/blog.maerker-in-bayern.de\/wordpress\/wp-content\/uploads\/2016\/11\/MartinaBrandl_IWMS_01_HF2-1-683x1024.jpg 683w, https:\/\/blog.maerker-in-bayern.de\/wordpress\/wp-content\/uploads\/2016\/11\/MartinaBrandl_IWMS_01_HF2-1.jpg 1772w\" sizes=\"(max-width: 200px) 100vw, 200px\" \/><\/a><\/p>\n<p><!--more weiterlesen--><\/p>\n<p>Zum 2. Mal war die schlagfertige Kabarettistin auf der Kleinkunstb\u00fchne in\u00a0Unterpindhart und es war nicht minder am\u00fcsant als beim 1.Mal. Attribute f\u00fcr die K\u00fcnstlerin und ihr aktuelles Programm &#8222;Irgendwas mit Sex&#8220;:<\/p>\n<ul>\n<li>-frech<\/li>\n<li>-schlagfertig<\/li>\n<li>-direkt<\/li>\n<li>-sinnlich<\/li>\n<li>-derb<\/li>\n<li>-weich<\/li>\n<li>-weiblich<\/li>\n<\/ul>\n<p>Martina Brandl improvisierte heuer eher und nahm die &#8222;provozierten Steilvorlagen&#8220; des Publikums merkbar und dankbar an. In den Passagen des Abend in denen aktuell politische und gesellschaftliche Themen (pers\u00f6nlich) eindringlich von der K\u00fcnstlerin kabarettistisch bearbeitet wurden war es wieder mal still im Saal. Entweder das\u00a0Holledauer Publikum ist sehr sensibel oder eben nicht\u00a0(?). Herausbekommen haben wir dass trotz der\u00a0vielen Jahre Kleinkunst hier noch nicht wirklich. \u00a0Doch professionell brachte Martina Brandl schnell wieder &#8222;auf Linie&#8220;. Einige ihre gesanglichen St\u00fccke (Milf Baby, QR Code) kannten wir bereits aber live kommt es immer besser als aus der Konserve. Bemerkenswert ist der, meiner Meinung nach, gro\u00dfe, &#8222;klangliche&#8220; Unterschied zwischen der Sprech- und Gesangsstimme der \u00a0K\u00fcnstlerin.<\/p>\n<p><iframe loading=\"lazy\" title=\"Martina Brandl: Ich lass mir &#039;n QR Code auf&#039;n Arsch t\u00e4towiern\" width=\"620\" height=\"349\" src=\"https:\/\/www.youtube.com\/embed\/yjvF1iwF02A?feature=oembed\" frameborder=\"0\" allow=\"accelerometer; autoplay; clipboard-write; encrypted-media; gyroscope; picture-in-picture; web-share\" referrerpolicy=\"strict-origin-when-cross-origin\" allowfullscreen><\/iframe><\/p>\n<p>Also wenn Martina Brandl bei euch in der N\u00e4he gastiert und ihr ein Vollblutweib des Kabaretts hautnah erleben wollt: nix wie hin!<\/p>\n<p>Wenn jetzt dem geneigten Lesen die Frage auf den N\u00e4geln brennt ob den ganzen Abend \u00fcber Sex gesprochen wurde, kommt jetzt die Entt\u00e4uschung: nein &#8211; denn \u00fcber Sex spricht man nicht, man hat ihn.<\/p>\n<p>&nbsp;<\/p>\n","protected":false},"excerpt":{"rendered":"<p>Martina Brandl gab sich die Ehre<\/p>\n","protected":false},"author":5,"featured_media":0,"comment_status":"open","ping_status":"open","sticky":false,"template":"","format":"standard","meta":{"footnotes":""},"categories":[4],"tags":[172,496,55,495,497,14,13],"class_list":["post-1212","post","type-post","status-publish","format-standard","hentry","category-events-in-bayern","tag-comedy","tag-irgendwas-mit-sex","tag-kabarett","tag-martina-brandl-live","tag-qr-code","tag-rockermeier","tag-unterpindhart"],"_links":{"self":[{"href":"https:\/\/blog.maerker-in-bayern.de\/wordpress\/wp-json\/wp\/v2\/posts\/1212"}],"collection":[{"href":"https:\/\/blog.maerker-in-bayern.de\/wordpress\/wp-json\/wp\/v2\/posts"}],"about":[{"href":"https:\/\/blog.maerker-in-bayern.de\/wordpress\/wp-json\/wp\/v2\/types\/post"}],"author":[{"embeddable":true,"href":"https:\/\/blog.maerker-in-bayern.de\/wordpress\/wp-json\/wp\/v2\/users\/5"}],"replies":[{"embeddable":true,"href":"https:\/\/blog.maerker-in-bayern.de\/wordpress\/wp-json\/wp\/v2\/comments?post=1212"}],"version-history":[{"count":2,"href":"https:\/\/blog.maerker-in-bayern.de\/wordpress\/wp-json\/wp\/v2\/posts\/1212\/revisions"}],"predecessor-version":[{"id":1215,"href":"https:\/\/blog.maerker-in-bayern.de\/wordpress\/wp-json\/wp\/v2\/posts\/1212\/revisions\/1215"}],"wp:attachment":[{"href":"https:\/\/blog.maerker-in-bayern.de\/wordpress\/wp-json\/wp\/v2\/media?parent=1212"}],"wp:term":[{"taxonomy":"category","embeddable":true,"href":"https:\/\/blog.maerker-in-bayern.de\/wordpress\/wp-json\/wp\/v2\/categories?post=1212"},{"taxonomy":"post_tag","embeddable":true,"href":"https:\/\/blog.maerker-in-bayern.de\/wordpress\/wp-json\/wp\/v2\/tags?post=1212"}],"curies":[{"name":"wp","href":"https:\/\/api.w.org\/{rel}","templated":true}]}}